{"id":2835,"date":"2021-05-13T15:52:22","date_gmt":"2021-05-13T15:52:22","guid":{"rendered":"https:\/\/site.104-131-161-168.plesk.page\/?p=2835"},"modified":"2021-10-03T18:54:34","modified_gmt":"2021-10-03T18:54:34","slug":"5to-aniversario-del-acuerdo-de-paris-sobre-el-clima","status":"publish","type":"post","link":"https:\/\/ong.acercandonaciones.com\/index.php\/2021\/05\/13\/5to-aniversario-del-acuerdo-de-paris-sobre-el-clima\/","title":{"rendered":"5to aniversario del Acuerdo de Paris sobre el Clima"},"content":{"rendered":"<p>El jueves 17 de diciembre 2020, de las 10 hs a las 12 hs, se realizo el evento virtual \u201cAmbici\u00f3n clim\u00e1tica: Mantener vivo el esp\u00edritu de Par\u00eds\u201d organizado por la Embajada de Francia en Argentina, junto con el Instituto franc\u00e9s de Argentina (IFA) y la Agencia Francesa de Desarrollo (AFD) y copatrocinado por las Embajadas de Alemania, Chile, Italia y Reino Unido, la Delegaci\u00f3n de la Uni\u00f3n Europea y ONU Argentina.<\/p>\n<p>Durante la jornada, se converso sobre la acci\u00f3n clim\u00e1tica en Argentina y el rol de los actores locales en la lucha contra el cambio clim\u00e1tico. El Ministro de Ambiente y Desarrollo Sostenible, Juan Cabandi\u00e9, y la Embajadora de Francia, Claudia Scherer-Effosse, abrieron el encuentro que cont\u00f3 con la participaci\u00f3n de expertos comprometidos para el clima<\/p>\n<p>Se transmiti\u00f3 por los canales YouTube y Facebook de la Embajada de Francia<\/p>\n<p><iframe loading=\"lazy\" title=\"Emisi\u00f3n en directo de Embajada de Francia en Argentina\" width=\"1290\" height=\"726\" src=\"https:\/\/www.youtube.com\/embed\/eQcPI36xmc4?feature=oembed\" frameborder=\"0\" allow=\"accelerometer; autoplay; clipboard-write; encrypted-media; gyroscope; picture-in-picture\" allowfullscreen><\/iframe><\/p>\n","protected":false},"excerpt":{"rendered":"<p>El jueves 17 de diciembre 2020, de las 10 hs a las 12 hs, se realizo el evento virtual \u201cAmbici\u00f3n clim\u00e1tica: Mantener vivo el esp\u00edritu de Par\u00eds\u201d organizado por la Embajada de Francia en Argentina, junto con el Instituto franc\u00e9s de Argentina (IFA) y la Agencia Francesa de Desarrollo (AFD) y copatrocinado por las Embajadas [&hellip;]<\/p>\n","protected":false},"author":1,"featured_media":5982,"comment_status":"open","ping_status":"open","sticky":false,"template":"","format":"standard","meta":{"two_page_speed":[],"footnotes":""},"categories":[29],"tags":[64,65,66],"class_list":["post-2835","post","type-post","status-publish","format-standard","has-post-thumbnail","hentry","category-news","tag-ambiente","tag-clima","tag-ods"],"blocksy_meta":{"styles_descriptor":{"styles":{"desktop":"","tablet":"","mobile":""},"google_fonts":[],"version":6}},"brizy_media":[],"_links":{"self":[{"href":"https:\/\/ong.acercandonaciones.com\/index.php\/wp-json\/wp\/v2\/posts\/2835","targetHints":{"allow":["GET"]}}],"collection":[{"href":"https:\/\/ong.acercandonaciones.com\/index.php\/wp-json\/wp\/v2\/posts"}],"about":[{"href":"https:\/\/ong.acercandonaciones.com\/index.php\/wp-json\/wp\/v2\/types\/post"}],"author":[{"embeddable":true,"href":"https:\/\/ong.acercandonaciones.com\/index.php\/wp-json\/wp\/v2\/users\/1"}],"replies":[{"embeddable":true,"href":"https:\/\/ong.acercandonaciones.com\/index.php\/wp-json\/wp\/v2\/comments?post=2835"}],"version-history":[{"count":1,"href":"https:\/\/ong.acercandonaciones.com\/index.php\/wp-json\/wp\/v2\/posts\/2835\/revisions"}],"predecessor-version":[{"id":4469,"href":"https:\/\/ong.acercandonaciones.com\/index.php\/wp-json\/wp\/v2\/posts\/2835\/revisions\/4469"}],"wp:featuredmedia":[{"embeddable":true,"href":"https:\/\/ong.acercandonaciones.com\/index.php\/wp-json\/wp\/v2\/media\/5982"}],"wp:attachment":[{"href":"https:\/\/ong.acercandonaciones.com\/index.php\/wp-json\/wp\/v2\/media?parent=2835"}],"wp:term":[{"taxonomy":"category","embeddable":true,"href":"https:\/\/ong.acercandonaciones.com\/index.php\/wp-json\/wp\/v2\/categories?post=2835"},{"taxonomy":"post_tag","embeddable":true,"href":"https:\/\/ong.acercandonaciones.com\/index.php\/wp-json\/wp\/v2\/tags?post=2835"}],"curies":[{"name":"wp","href":"https:\/\/api.w.org\/{rel}","templated":true}]}}