{"id":2858,"date":"2021-05-13T16:42:10","date_gmt":"2021-05-13T16:42:10","guid":{"rendered":"https:\/\/site.104-131-161-168.plesk.page\/?p=2858"},"modified":"2021-10-03T18:50:02","modified_gmt":"2021-10-03T18:50:02","slug":"abrazo-libertador-valores-y-desafios-para-una-patria-grande","status":"publish","type":"post","link":"https:\/\/ong.acercandonaciones.com\/index.php\/2021\/05\/13\/abrazo-libertador-valores-y-desafios-para-una-patria-grande\/","title":{"rendered":"Abrazo Libertador: Valores y desaf\u00edos para una Patria Grande"},"content":{"rendered":"<p>Los valores de los libertadores de Am\u00e9rica del Sur Jos\u00e9 de San Mart\u00edn y Sim\u00f3n Bol\u00edvar fueron abordados por acad\u00e9micos en un encuentro desarrollado en el C\u00edrculo de Legisladores de la Naci\u00f3n Argentina, organizado por el Instituto Hist\u00f3rico del C\u00edrculo de Legisladores y la Asociaci\u00f3n Civil Acercando Naciones junto a UPF Argentina. El prop\u00f3sito: recordar y profundizar los valores de los patriotas para inspirar al encuentro del liderazgo y al compromiso solidario, el bien com\u00fan y la hermandad de los pueblos (1).<\/p>\n<p>\u201cAbrazo libertador: Valores y desaf\u00edos para una patria grande\u201d fue el lema bajo el cual expuso la Prof. Emilia Menotti, presidenta de la Sociedad Bolivariana de la Rep\u00fablica Argentina; y el Dr. Rodolfo Arga\u00f1araz Alcorta, vicepresidente del Instituto Nacional Sanmartiniano; sobre Bol\u00edvar y San Mart\u00edn, respectivamente. Los conferencistas mostraron una gran solvencia de saberes sobre sendos libertadores y de su hist\u00f3rico encuentro en Guayaquil en 1822, y al final respondieron a numerosas preguntas e inquietudes del auditorio.<\/p>\n<p>La mesa fue moderada por el diputado nacional (MC) Alberto Allende Iriarte, presidente del Instituto Hist\u00f3rico del C\u00edrculo de Legisladores y Vicepresidente Segundo del C\u00edrculo de Legisladores de la Naci\u00f3n; mientras el diputado nacional (MC) Daniel Basile, presidente del C\u00edrculo de Legisladores de la Naci\u00f3n, fue el encargado de brindar las palabras de bienvenida como anfitri\u00f3n de la casa. La apertura y presentaci\u00f3n del panel la realiz\u00f3 la Embajadora para la Paz Patricia Pitaluga, presidente de la <strong>Asociaci\u00f3n Civil Acercando Naciones,<\/strong> y Miguel Werner, Secretario General de UPF Argentina.<\/p>\n<p><iframe loading=\"lazy\" title=\"Abrazo Libertador: Valores y desaf\u00edos para una patria grande\" width=\"1290\" height=\"726\" src=\"https:\/\/www.youtube.com\/embed\/K4W9cf74A_0?feature=oembed\" frameborder=\"0\" allow=\"accelerometer; autoplay; clipboard-write; encrypted-media; gyroscope; picture-in-picture\" allowfullscreen><\/iframe><\/p>\n<p>El cierre estuvo a cargo del Ensamble coral Zaperoco, fundado en Buenos Aires en el 2017 por inmigrantes venezolanos, \u201ccuya misi\u00f3n es fomentar y promover la m\u00fasica folcl\u00f3rica de su pa\u00eds y brindarla a la Argentina como agradecimiento por su c\u00e1lido y desinteresado recibimiento\u201d. Dirigido por Leomar Garrido, interpretaron \u201cCanci\u00f3n con todos\u201d, \u201cQue mala suerte\u201d y \u201cAlma llanera\u201d.<br>\nEn la ocasi\u00f3n UPF obsequi\u00f3 a los panelistas la Autobiograf\u00eda \u201cEl ciudadano global que ama la Paz\u201d, mientras que la Prof. Irene Mercedes Aguirre hizo lo propio con su libro \u201cEl sue\u00f1o de los h\u00e9roes\u201d. Nuestro agradecimiento a la autora, \u201cfervorosa sanmartiniana\u201d y \u201cdama Bolivariana de la Rep\u00fablica Argentina\u201d, investigadora, escritora, docente y miembro de m\u00faltiples instituciones y proyectos, quien plasma en la mencionada obra su \u201cprofundo sentimiento de esperanza en la integraci\u00f3n latinoamericana\u201d (2).<\/p>\n<p>Citas:<br>\n1) Video de exposici\u00f3n del Dr. Rodolfo Arga\u00f1araz Alcorta y la Prof. Emilia Menotti sobre Jos\u00e9 de San Mart\u00edn y Sim\u00f3n Bol\u00edvar, respectivamente:<\/p>\n<p>2) Poema<br>\n\u00a1Si pudi\u00e9ramos, americanos!<br>\n\u00a1Si en un canto triunfal nos abrazaran<br>\nlos ensue\u00f1os comunes que repican!<br>\n\u00a1Si los muros se abrieran, si borraran<br>\nlas tensiones que manchan, que salpican!<br>\n\u00a1Si te llamara, hermano, con las voces<br>\ncon que la tierna madre llama al hijo!<br>\n\u00a1Reconcentrado los m\u00e1s puros goces<br>\nrostro en el rostro, con los ojos fijos!<br>\n\u00a1Si una ma\u00f1ana c\u00e1lida de enero,<br>\nya sin senderos r\u00edspidos ni arenas,<br>\nnuestra hermandad desarrugara el ce\u00f1o!<br>\n\u00a1Si en comuni\u00f3n goz\u00e1ramos, sin pena,<br>\n-palpitaci\u00f3n de verde y de jilguero-<br>\nla honda tibieza de dormidos sue\u00f1os!<\/p>\n<p>Poema de la Prof. Irene Mercedes Aguirre, que integra su libro \u201cEl sue\u00f1o de los h\u00e9roes\u201d, que obsequi\u00f3 a panelistas y organizadores del encuentro del 8 de agosto en el C\u00edrculo de Legisladores de la Naci\u00f3n.<\/p>\n<p><strong>Video:<\/strong> C\u00edrculo de Legisladores de la Naci\u00f3n<br>\n<a href=\"https:\/\/www.upf.org\/363-language\/8657-valores-de-san-martin-y-bolivar-resaltados-por-academicos\">https:\/\/www.upf.org\/363-language\/8657-valores-de-san-martin-y-bolivar-resaltados-por-academicos<\/a><\/p>\n\n\n<figure class=\"wp-block-gallery columns-2 is-cropped wp-block-gallery-1 is-layout-flex wp-block-gallery-is-layout-flex\"><ul class=\"blocks-gallery-grid\"><li class=\"blocks-gallery-item\"><figure><img loading=\"lazy\" decoding=\"async\" width=\"1024\" height=\"683\" src=\"https:\/\/an.site.104-131-161-168.plesk.page\/wp-content\/uploads\/2021\/10\/abrazo-libertador-1-1024x683.jpg\" alt=\"\" data-id=\"5979\" data-full-url=\"https:\/\/an.site.104-131-161-168.plesk.page\/wp-content\/uploads\/2021\/10\/abrazo-libertador-1.jpg\" data-link=\"https:\/\/an.site.104-131-161-168.plesk.page\/index.php\/2021\/05\/13\/abrazo-libertador-valores-y-desafios-para-una-patria-grande\/abrazo-libertador-1\/\" class=\"wp-image-5979\" srcset=\"https:\/\/ong.acercandonaciones.com\/wp-content\/uploads\/2021\/10\/abrazo-libertador-1-1024x683.jpg 1024w, https:\/\/ong.acercandonaciones.com\/wp-content\/uploads\/2021\/10\/abrazo-libertador-1-300x200.jpg 300w, https:\/\/ong.acercandonaciones.com\/wp-content\/uploads\/2021\/10\/abrazo-libertador-1-600x400.jpg 600w, https:\/\/ong.acercandonaciones.com\/wp-content\/uploads\/2021\/10\/abrazo-libertador-1-768x512.jpg 768w, https:\/\/ong.acercandonaciones.com\/wp-content\/uploads\/2021\/10\/abrazo-libertador-1.jpg 1200w\" sizes=\"auto, (max-width: 1024px) 100vw, 1024px\" \/><\/figure><\/li><li class=\"blocks-gallery-item\"><figure><img loading=\"lazy\" decoding=\"async\" width=\"1024\" height=\"683\" src=\"https:\/\/an.site.104-131-161-168.plesk.page\/wp-content\/uploads\/2021\/10\/abrazo-libertador-2-1024x683.jpg\" alt=\"\" data-id=\"5980\" data-full-url=\"https:\/\/an.site.104-131-161-168.plesk.page\/wp-content\/uploads\/2021\/10\/abrazo-libertador-2.jpg\" data-link=\"https:\/\/an.site.104-131-161-168.plesk.page\/index.php\/2021\/05\/13\/abrazo-libertador-valores-y-desafios-para-una-patria-grande\/abrazo-libertador-2\/\" class=\"wp-image-5980\" srcset=\"https:\/\/ong.acercandonaciones.com\/wp-content\/uploads\/2021\/10\/abrazo-libertador-2-1024x683.jpg 1024w, https:\/\/ong.acercandonaciones.com\/wp-content\/uploads\/2021\/10\/abrazo-libertador-2-300x200.jpg 300w, https:\/\/ong.acercandonaciones.com\/wp-content\/uploads\/2021\/10\/abrazo-libertador-2-600x400.jpg 600w, https:\/\/ong.acercandonaciones.com\/wp-content\/uploads\/2021\/10\/abrazo-libertador-2-768x512.jpg 768w, https:\/\/ong.acercandonaciones.com\/wp-content\/uploads\/2021\/10\/abrazo-libertador-2.jpg 1200w\" sizes=\"auto, (max-width: 1024px) 100vw, 1024px\" \/><\/figure><\/li><\/ul><\/figure>\n","protected":false},"excerpt":{"rendered":"<p>Los valores de los libertadores de Am\u00e9rica del Sur Jos\u00e9 de San Mart\u00edn y Sim\u00f3n Bol\u00edvar fueron abordados por acad\u00e9micos en un encuentro desarrollado en el C\u00edrculo de Legisladores de la Naci\u00f3n Argentina, organizado por el Instituto Hist\u00f3rico del C\u00edrculo de Legisladores y la Asociaci\u00f3n Civil Acercando Naciones junto a UPF Argentina. El prop\u00f3sito: recordar [&hellip;]<\/p>\n","protected":false},"author":1,"featured_media":5977,"comment_status":"open","ping_status":"open","sticky":false,"template":"","format":"standard","meta":{"two_page_speed":[],"footnotes":""},"categories":[29],"tags":[74,75,76,77,78],"class_list":["post-2858","post","type-post","status-publish","format-standard","has-post-thumbnail","hentry","category-news","tag-circulo","tag-historia","tag-libertador","tag-patria","tag-san-martin"],"blocksy_meta":{"styles_descriptor":{"styles":{"desktop":"","tablet":"","mobile":""},"google_fonts":[],"version":6}},"brizy_media":[],"_links":{"self":[{"href":"https:\/\/ong.acercandonaciones.com\/index.php\/wp-json\/wp\/v2\/posts\/2858","targetHints":{"allow":["GET"]}}],"collection":[{"href":"https:\/\/ong.acercandonaciones.com\/index.php\/wp-json\/wp\/v2\/posts"}],"about":[{"href":"https:\/\/ong.acercandonaciones.com\/index.php\/wp-json\/wp\/v2\/types\/post"}],"author":[{"embeddable":true,"href":"https:\/\/ong.acercandonaciones.com\/index.php\/wp-json\/wp\/v2\/users\/1"}],"replies":[{"embeddable":true,"href":"https:\/\/ong.acercandonaciones.com\/index.php\/wp-json\/wp\/v2\/comments?post=2858"}],"version-history":[{"count":3,"href":"https:\/\/ong.acercandonaciones.com\/index.php\/wp-json\/wp\/v2\/posts\/2858\/revisions"}],"predecessor-version":[{"id":5981,"href":"https:\/\/ong.acercandonaciones.com\/index.php\/wp-json\/wp\/v2\/posts\/2858\/revisions\/5981"}],"wp:featuredmedia":[{"embeddable":true,"href":"https:\/\/ong.acercandonaciones.com\/index.php\/wp-json\/wp\/v2\/media\/5977"}],"wp:attachment":[{"href":"https:\/\/ong.acercandonaciones.com\/index.php\/wp-json\/wp\/v2\/media?parent=2858"}],"wp:term":[{"taxonomy":"category","embeddable":true,"href":"https:\/\/ong.acercandonaciones.com\/index.php\/wp-json\/wp\/v2\/categories?post=2858"},{"taxonomy":"post_tag","embeddable":true,"href":"https:\/\/ong.acercandonaciones.com\/index.php\/wp-json\/wp\/v2\/tags?post=2858"}],"curies":[{"name":"wp","href":"https:\/\/api.w.org\/{rel}","templated":true}]}}