{"id":7793,"date":"2023-01-17T23:31:02","date_gmt":"2023-01-17T23:31:02","guid":{"rendered":"https:\/\/ong.acercandonaciones.com\/?p=7793"},"modified":"2023-01-17T23:48:21","modified_gmt":"2023-01-17T23:48:21","slug":"donacion-de-cafe-para-los-veteranos-de-malvinas","status":"publish","type":"post","link":"https:\/\/ong.acercandonaciones.com\/index.php\/2023\/01\/17\/donacion-de-cafe-para-los-veteranos-de-malvinas\/","title":{"rendered":"Donaci\u00f3n de caf\u00e9 para los Veteranos de Malvinas"},"content":{"rendered":"\n<p><\/p>\n\n\n\n<p><em>A veces una peque\u00f1a acci\u00f3n, como la posibilidad de poder ofrecer un rico caf\u00e9  de cortes\u00eda, a quienes asisten a atenderse por razones de salud, pueden ayudar a cambiar el \u00e1nimo y disposici\u00f3n<\/em>, durante los tratamientos.<\/p>\n\n\n\n<p><strong>Acciones que te dejan una sonrisa y algo mas<\/strong><\/p>\n\n\n\n<p>Tal es el caso de esta acci\u00f3n solidaria que pudimos articular con uno de nuestros benefactores, Juan B. qui\u00e9n nos plante\u00f3 una propuesta muy sencilla y concreta;  que los pacientes que van a atenderse en los Centros de Salud Conjunto \u00abVeteranos de Malvinas\u00bb puedan ser recibidos con un rico caf\u00e9 y una sonrisa.<\/p>\n\n\n\n<figure class=\"wp-block-image aligncenter size-full is-resized\"><img loading=\"lazy\" decoding=\"async\" src=\"https:\/\/ong.acercandonaciones.com\/wp-content\/uploads\/2023\/01\/cafe.jpeg\" alt=\"\" class=\"wp-image-7799\" width=\"566\" height=\"355\"\/><\/figure>\n\n\n\n<p>Desde nuestra Asociaci\u00f3n Civil, nos pareci\u00f3 un gesto muy concreto y nos pusimos a trabajar para poder articular esta gesti\u00f3n y poder donar algunos kilos de esta exquisita bebida, una acci\u00f3n  que tambi\u00e9n nos permiti\u00f3 poder conocer las tareas que vienen llevando a cabo desde este centro de atenci\u00f3n de salud.<\/p>\n\n\n\n<h2 class=\"wp-block-heading\"><strong>Acerca de Centros de Salud Conjunto \u00abVeteranos de Malvinas\u00bb<\/strong><\/h2>\n\n\n\n<p>Las tareas que desarrollan en los diferentes centros, est\u00e1n  localizados en<strong> CABA, C\u00f3rdoba, Resistencia, Comodoro Rivadavia y Curuz\u00fa Cuati\u00e1.<\/strong><br><br><strong>En n\u00fameros: <\/strong><br>Estad\u00edsticas Asistenciales 2020\/2021, durante este periodo se han asistido a<strong> 8.040 <\/strong>Veteranos de Guerra.<\/p>\n\n\n\n<p>El Centro  tiene como mIsIon atender en la atenci\u00f3n ambulatoria, programada, integral e interdisciplinaria en el campo de la salud para el tratamiento espec\u00edfico de patolog\u00edas ps\u00edquicas y de las comorbilidades psicof\u00edsicas, que manifieste todo hombre o mujer WG y familiares de estos, que est\u00e9n potencialmente afectados por situaciones psico-traum\u00e1ticas en actos de servicio.<br>Tambi\u00e9n se atiende al Personal Militar en actividad que haya estado expuesto a situaciones potencialmente traum\u00e1ticas en las Organizaciones Militares de Paz y en Servicio Efectivo. Entre otros servicios, efect\u00faa la evaluaci\u00f3n y tratamiento de salud mental de todos los Familiares de los Ca\u00eddos en Malvinas, Veteranos de Guerra y sus familias, para ello dispone de los profesionales y facilidades de los Centros de Salud respectivos quienes brindar\u00e1n atenci\u00f3n ambulatoria, integral y multidisciplinaria para el tratamiento espec\u00edfico de las patolog\u00edas ps\u00edquicas.<br>Efect\u00faa la evaluaci\u00f3n del personal que participe en Organizaciones Militares de Paz y de ayuda humanitaria.<br>Conduce y supervisa el llamado y ejecuci\u00f3n a Junta M\u00e9dica del Ej\u00e9rcito Argentino de todos los WGM que sean convocados para tal fin.<br>Funciones \u00c1rea Asistencial<br>Efect\u00faa la evaluaci\u00f3n y tratamiento de salud mental a los Veteranos de Guerra de Malvinas y sus respectivas familias.<br>Brindan atenci\u00f3n ambulatoria, integral y multidisciplinaria en el campo de la salud mental para el tratamiento espec\u00edfico del Estr\u00e9s Postraum\u00e1tico y otras patolog\u00edas ps\u00edquicas relacionadas con la salud mental de los Veteranos de Guerra.<br><\/p>\n\n\n\n<figure class=\"wp-block-image aligncenter size-full is-resized\"><img loading=\"lazy\" decoding=\"async\" src=\"https:\/\/ong.acercandonaciones.com\/wp-content\/uploads\/2023\/01\/veteranos.jpeg\" alt=\"\" class=\"wp-image-7798\" width=\"440\" height=\"351\"\/><figcaption class=\"wp-element-caption\">Veteranos de Malvinas<\/figcaption><\/figure>\n\n\n\n<p>JUNTA M\u00c9DICA DE EJ\u00c9RCITO \u00abVETERANOS DE MALVINAS\u00bb<br>Efect\u00faa el reconocimiento de todos los Veteranos de Guerra del Ej\u00e9rcito Argentino que hayan completado la \u00abSolicitud de Junta M\u00e9dica\u00bb ante el Departamento \u00abVeteranos de Guerra\u00bb dependiente de la Direcci\u00f3n de Bienestar del Ej\u00e9rcito Argentino.<br>Realiza el Informe M\u00e9dico-Legal, donde consignar\u00e1: Antecedentes, Diagn\u00f3stico, Estado actual, Relaci\u00f3n con los actos del servicio durante el conflicto b\u00e9lico y Grado de incapacidad laboral para el trabajo en el medio civil.<br><\/p>\n\n\n\n<p><strong>Coronel (R-Art. 62) Jos\u00e9 Mar\u00eda Castany<\/strong><br>Director General de los Centros de Salud Conjunto<br>\u00abVeteranos de Malvinas\u00bb<br>ESTADO MAYOR CONJUNTO DE LAS FFAA<\/p>\n\n\n\n<p>Leer la <a style=\"font-weight: bold;\" href=\"https:\/\/drive.google.com\/file\/d\/1La9KBYaBOTaxgqbuFn27GqTPeU2OjnVR\/view?usp=sharingl\">Nota oficial<\/a><\/p>\n","protected":false},"excerpt":{"rendered":"<p>A veces una peque\u00f1a acci\u00f3n, como la posibilidad de poder ofrecer un rico caf\u00e9  de cortes\u00eda, a quienes asisten a atenderse por razones de salud, pueden ayudar a cambiar el \u00e1nimo y disposici\u00f3n, durante los tratamientos.<\/p>\n<p>Acciones que te dejan una sonrisa y algo mas<\/p>\n","protected":false},"author":2,"featured_media":7797,"comment_status":"open","ping_status":"open","sticky":false,"template":"","format":"standard","meta":{"two_page_speed":[],"footnotes":""},"categories":[29],"tags":[159,157,113,158],"class_list":["post-7793","post","type-post","status-publish","format-standard","has-post-thumbnail","hentry","category-news","tag-donaciones","tag-malvinas","tag-salud","tag-veteranos"],"blocksy_meta":{"styles_descriptor":{"styles":{"desktop":"","tablet":"","mobile":""},"google_fonts":[],"version":6}},"brizy_media":[],"_links":{"self":[{"href":"https:\/\/ong.acercandonaciones.com\/index.php\/wp-json\/wp\/v2\/posts\/7793","targetHints":{"allow":["GET"]}}],"collection":[{"href":"https:\/\/ong.acercandonaciones.com\/index.php\/wp-json\/wp\/v2\/posts"}],"about":[{"href":"https:\/\/ong.acercandonaciones.com\/index.php\/wp-json\/wp\/v2\/types\/post"}],"author":[{"embeddable":true,"href":"https:\/\/ong.acercandonaciones.com\/index.php\/wp-json\/wp\/v2\/users\/2"}],"replies":[{"embeddable":true,"href":"https:\/\/ong.acercandonaciones.com\/index.php\/wp-json\/wp\/v2\/comments?post=7793"}],"version-history":[{"count":10,"href":"https:\/\/ong.acercandonaciones.com\/index.php\/wp-json\/wp\/v2\/posts\/7793\/revisions"}],"predecessor-version":[{"id":7807,"href":"https:\/\/ong.acercandonaciones.com\/index.php\/wp-json\/wp\/v2\/posts\/7793\/revisions\/7807"}],"wp:featuredmedia":[{"embeddable":true,"href":"https:\/\/ong.acercandonaciones.com\/index.php\/wp-json\/wp\/v2\/media\/7797"}],"wp:attachment":[{"href":"https:\/\/ong.acercandonaciones.com\/index.php\/wp-json\/wp\/v2\/media?parent=7793"}],"wp:term":[{"taxonomy":"category","embeddable":true,"href":"https:\/\/ong.acercandonaciones.com\/index.php\/wp-json\/wp\/v2\/categories?post=7793"},{"taxonomy":"post_tag","embeddable":true,"href":"https:\/\/ong.acercandonaciones.com\/index.php\/wp-json\/wp\/v2\/tags?post=7793"}],"curies":[{"name":"wp","href":"https:\/\/api.w.org\/{rel}","templated":true}]}}