{"id":7894,"date":"2023-02-20T18:46:26","date_gmt":"2023-02-20T18:46:26","guid":{"rendered":"https:\/\/ong.acercandonaciones.com\/?p=7894"},"modified":"2023-02-20T18:54:16","modified_gmt":"2023-02-20T18:54:16","slug":"festival-maia-llega-a-espana","status":"publish","type":"post","link":"https:\/\/ong.acercandonaciones.com\/index.php\/2023\/02\/20\/festival-maia-llega-a-espana\/","title":{"rendered":"Festival Maia llega a Espa\u00f1a"},"content":{"rendered":"\n<p>El Festival MAIA by Acercando Naciones ONG, llegan a Madrid para participar de <\/p>\n\n\n\n<p><strong>\u201cConexi\u00f3n Buenos Aires &#8211; Madrid\u201d <\/strong>en la capital espa\u00f1ola.<\/p>\n\n\n\n<figure class=\"wp-block-embed is-type-video is-provider-youtube wp-block-embed-youtube wp-embed-aspect-16-9 wp-has-aspect-ratio\"><div class=\"wp-block-embed__wrapper\">\n<iframe loading=\"lazy\" title=\"Conexi\u00f3n Buenos Aires- Madrid\" width=\"1290\" height=\"726\" src=\"https:\/\/www.youtube.com\/embed\/rldom5ky2vw?feature=oembed\" frameborder=\"0\" allow=\"accelerometer; autoplay; clipboard-write; encrypted-media; gyroscope; picture-in-picture; web-share\" allowfullscreen><\/iframe>\n<\/div><\/figure>\n\n\n\n<p><br>Se trata de una iniciativa destinada a fortalecer los lazos entre ambas ciudades<br>unidas por su historia, su oferta tur\u00edstica, cultural y gastron\u00f3mica. <br>A trav\u00e9s de distintas actividades se buscar\u00e1 promover a Buenos Aires como la mejor ciudad para vivir, visitar y estudiar.<\/p>\n\n\n\n<p>La Ciudad de Buenos Aires, como parte de una iniciativa conjunta entre Secretar\u00eda General, <br>BA Capital Gastron\u00f3mica, el Ente de Turismo y el Ministerio de Cultura porte\u00f1o, presentar\u00e1 en la <br>capital espa\u00f1ola el programa Conexi\u00f3n Buenos Aires &#8211; Madrid. Se trata de una propuesta destinada a afianzar los v\u00ednculos<br>entre dos ciudades hermanadas por su historia, su tradici\u00f3n y su gente, que busca, al mismo<br>tiempo, promocionar a Buenos Aires como la mejor ciudad para vivir, visitar y estudiar. <\/p>\n\n\n\n<p><br>La programaci\u00f3n incluye presentaciones de destino para promover el turismo, acciones para<br>atraer estudiantes internacionales y n\u00f3mades digitales, y un circuito de gastronom\u00eda<br>argentina. En este marco, se llevar\u00e1 adelante un programa cultural desarrollado por el<br>Ministerio de Cultura de la Ciudad en conjunto con Casa de Am\u00e9rica de Madrid, que<br>permitir\u00e1 difundir y promover la cultura de la Ciudad de Buenos Aires en la capital espa\u00f1ola.<br>Artistas y referentes culturales de la Ciudad de Buenos Aires llevar\u00e1n consigo muestras de<br>artes visuales, pel\u00edculas, obras de teatro, m\u00fasica urbana, tango, danza y dem\u00e1s expresiones<br>art\u00edsticas que tendr\u00e1n lugar entre el 1 y el 15 de marzo de 2023 en Casa de Am\u00e9rica.<br>Asimismo, las actividades culturales de Conexi\u00f3n: Buenos Aires &#8211; Madrid podr\u00e1n consultarse<br>a trav\u00e9s de Vivamos Cultura, la plataforma del Ministerio de Cultura de la Ciudad, y en<br><a href=\"http:\/\/www.casaamerica.es\">www.casamerica.es,<\/a> sitio web de Casa de Am\u00e9rica.<\/p>\n\n\n\n<p>Al respecto, el ministro de Cultura porte\u00f1o,<strong> Enrique Avogadro,<\/strong> detall\u00f3: \u201cLa cultura nos re\u00fane<br>y nos proyecta, nos abraza y nos invita a descubrirnos d\u00eda a d\u00eda. Espa\u00f1a y Argentina han<br>mantenido hist\u00f3ricamente un profundo v\u00ednculo el cual buscamos honrar a trav\u00e9s de<br>Conexi\u00f3n Buenos Aires Madrid al mismo tiempo que queremos visibilizar a nuestros artistas.<br>Ser\u00e1n 15 d\u00edas con una amplia programaci\u00f3n que ofrecer\u00e1 m\u00fasica, cine, teatro, literatura,<br>artes pl\u00e1sticas, danza, tango, muestras, momentos de debate y reflexi\u00f3n, charlas, encuentros<br>entre profesionales de distintos sectores de la cultura y mucho m\u00e1s. Un gran despliegue del<br>talento de grandes artistas con una programaci\u00f3n especial \u201d.<br><br>En la misma l\u00ednea, la directora de Cooperaci\u00f3n Cultural Internacional del Ministerio de<br>Cultura de la Ciudad de Buenos Aires<strong>, Mar\u00eda Victoria Alcaraz,<\/strong> explic\u00f3: \u00abCon Conexi\u00f3n: Buenos<br>Aires-Madrid nos proponemos dar cuenta del talento y la enorme capacidad creativa y de<br>realizaci\u00f3n que hay en Buenos Aires. En esta oportunidad llegan a Casa de Am\u00e9rica m\u00e1s de<br>30 artistas, 38 actividades, 10 disciplinas, 800 horas de programaci\u00f3n, 6 muestras fijas, 2<br>ciclos de cine: 4 pel\u00edculas de directores reconocidos y 5 pel\u00edculas seleccionadas del BAFICI, 2<br>obras de teatro, clases de danza &#8211; tango, 2 presentaciones de libros, el pre-estreno mundial de<br>\u0301Nene revancha \u0301, 5 charlas debate, 1 foro de dramaturgia, 7 conciertos de m\u00fasica (pop,<br>tango, folklore). Estaremos celebrando tambi\u00e9n los 40 a\u00f1os de la vuelta de la democracia en<br>nuestro pa\u00eds con una proyecci\u00f3n especial de \u0301Argentina, 1985 \u0301, candidata a mejor pel\u00edcula<br>extranjera, al d\u00eda siguiente de la entrega de los Oscar. Todo el contenido est\u00e1 conformado por<br>producciones del \u00e1mbito p\u00fablico y privado de la Ciudad y artistas independientes que viven y <br>trabajan en Espa\u00f1a. Este programa art\u00edstico cultural celebra la natural vinculaci\u00f3n que tiene<br>la cultura de Buenos Aires y Madrid\u201d.<\/p>\n\n\n\n<h1 class=\"wp-block-heading\">Festival MAIA: Diversidad e Inclusi\u00f3n a trav\u00e9s de la Cultura<\/h1>\n\n\n\n<p>El Festival MAIA es un llamado a la acci\u00f3n transgeneracional, reuniendo l\u00edderes intelectuales, artistas, organizaciones corporativas y sociales, para habilitar di\u00e1logos sobre la puesta en valor de la pluralidad en la diversidad visibiliz\u00e1ndolo mediante el arte, el conocimiento compartido y facilitando la construcci\u00f3n de un compromiso para gestar una sociedad diversa e inclusiva. El comit\u00e9 del Festival MAIA invita a determinadas empresas, organizaciones y artistas a participar del panel \u201cDiversidad e Inclusi\u00f3n a trav\u00e9s de la Cultura\u201d, d\u00f3nde hablar\u00e1n de la experiencia de implicarse en eventos culturales que fomentan la diversidad e inclusi\u00f3n dando continuidad a lo realizado en Buenos Aires y aprovechando este encuentro para compartir la nueva locaci\u00f3n del Festival MAIA 2023: Madrid, Espa\u00f1a.<\/p>\n\n\n\n<p>Participan de la charla: &#8211; Mariana Carnovali, Fundadora Festival MAIA &#8211; Ethel Zulli, Gerente General de Sustentabilidad &#8211; Renault Argentina &#8211; Patricia Pitaluga,Presidente de la ONG Acercando Naciones &#8211; Mar\u00eda Castillo de Lima, cantante l\u00edrica trans argentina &#8211; Graciela de Oto, Directora Fundaci\u00f3n Suma Veritas &#8211; Delfina Monpelat, Productora Festival MAIA &#8211; Ver\u00f3nica Baracat, ONU Mujeres.<\/p>\n\n\n\n<p><strong>PANEL <\/strong><br>El 3 de marzo a las 19 hs. en Casa de Am\u00e9rica, Plaza Cibeles, s\/n, Madrid, Espa\u00f1a.<br><strong>Salon Cervantes<\/strong><br><a href=\"https:\/\/www.casamerica.es\/sociedad\/festival-maia-diversidad-e-inclusion-traves-de-la-cultura\" target=\"_blank\" rel=\"noreferrer noopener\">https:\/\/www.casamerica.es\/sociedad\/festival-maia-diversidad-e-inclusion-traves-de-la-cultura<\/a><\/p>\n\n\n\n<figure class=\"wp-block-image aligncenter size-large\"><img loading=\"lazy\" decoding=\"async\" width=\"1024\" height=\"768\" src=\"https:\/\/ong.acercandonaciones.com\/wp-content\/uploads\/2023\/02\/consul-1024x768.jpeg\" alt=\"\" class=\"wp-image-7895\" srcset=\"https:\/\/ong.acercandonaciones.com\/wp-content\/uploads\/2023\/02\/consul-1024x768.jpeg 1024w, https:\/\/ong.acercandonaciones.com\/wp-content\/uploads\/2023\/02\/consul-300x225.jpeg 300w, https:\/\/ong.acercandonaciones.com\/wp-content\/uploads\/2023\/02\/consul-600x450.jpeg 600w, https:\/\/ong.acercandonaciones.com\/wp-content\/uploads\/2023\/02\/consul-768x576.jpeg 768w, https:\/\/ong.acercandonaciones.com\/wp-content\/uploads\/2023\/02\/consul-1536x1152.jpeg 1536w, https:\/\/ong.acercandonaciones.com\/wp-content\/uploads\/2023\/02\/consul.jpeg 1600w\" sizes=\"auto, (max-width: 1024px) 100vw, 1024px\" \/><figcaption class=\"wp-element-caption\"><strong>Reunion protocolar al Consulado de Espa\u00f1a en Argentina.<\/strong><br> Mariana Carnovalli creadora del Festival Maia de la Diversidad, y Patricia Pitaluga presidente de la Asociacion Acercando Naciones, fueron recibidas por Fernando Garcia Casas Consul General de Espa\u00f1a y Luis Maria Marina, Consejero Cultural, previo a la participaci\u00f3n que tendr\u00e1n durante el Foro #conexionbuenosairesmadrid .<\/figcaption><\/figure>\n\n\n\n<p><br><strong>Programaci\u00f3n general.<\/strong><\/p>\n\n\n\n<p><br>Casa de Am\u00e9rica en Madrid, tiene por objetivo fomentar la uni\u00f3n y el intercambio entre los<br>pueblos iberoamericanos. Ubicado en el Paseo del Arte, en la Plaza Cibeles, este sitio es uno<br>de los lugares m\u00e1s visitados por madrile\u00f1os y turistas de todo el mundo. Y ser\u00e1 la sede de las<br>actividades art\u00edsticas y culturales de Conexi\u00f3n: Buenos Aires &#8211; Madrid. Cine, teatro, artes<br>visuales, m\u00fasica, muestras, charlas y encuentros entre otras actividades forman parte de la<br>nutrida programaci\u00f3n.<br><br>En lo que respecta a artes visuales, habr\u00e1 una intervenci\u00f3n en la fachada de <strong>Casa de<br>Am\u00e9rica <\/strong>realizada por el artista Andr\u00e9s Paredes. Una mariposa que se posar\u00e1 sobre el<br>edificio como s\u00edmbolo de uni\u00f3n entre la Ciudad de Buenos Aires y Madrid, estar\u00e1<br>anunciando la muestra. La Revoluci\u00f3n de las Mariposas, que se exhibir\u00e1 en la Sala Torres<br>Garc\u00eda, re\u00fane una serie de trabajos que Andr\u00e9s Paredes viene ejercitando hace tiempo y con<br>los que explora el maravilloso e inquietante mundo natural. En este caso, a trav\u00e9s de calados<br>en papel, tintas y m\u00e1s de 60 mariposas tridimensionales, nos propone un mundo<br>metaf\u00f3rico.<br>En fotograf\u00eda, podr\u00e1 verse tambi\u00e9n la muestra Un Obrero de la Fotograf\u00eda de Antonio Massa<br>que celebra los 60 a\u00f1os de su Estudio, integrado por tres generaciones de fot\u00f3grafos y con<br>uno de los archivos fotogr\u00e1ficos m\u00e1s importantes de Argentina. Antonio Massa es autor de la<br>emblem\u00e1tica fotograf\u00eda de Pugliese y el Polaco Goyeneche que se ha convertido en una<br>imagen protectora de todos los escenarios de Buenos Aires. Esta muestra es una producci\u00f3n<br>del Complejo Teatral de Buenos Aires y se puede ver en simult\u00e1neo en la Fotogaler\u00eda del<br>Teatro San Mart\u00edn.<br><br>En el mismo rubro llega una edici\u00f3n especial del concurso fotogr\u00e1fico UrbanaBA &#8211; Gente de<br>mi Ciudad 2000-2022 reflejando un recorrido visual por \u201cla Buenos Aires urbana\u201d y<br>retratando barrios y vecinos Esta muestra re\u00fane los primeros premios que durante 23 a\u00f1os<br>otorg\u00f3 el Banco de la Ciudad, en apoyo al desarrollo cultural y art\u00edstico del talento que<br>ofrece Buenos Aires.<br>Asimismo, la muestra L\u00edmites Expandidos, se presentar\u00e1 en la Sala Guayasam\u00edn. Cinco<br>artistas visuales argentinos conformar\u00e1n esta muestra colectiva en formato digital: \u00c1ngel<br>Gabriel, Luciana Rondolini, Cotelito, Florencia Caiazza y John Mc Cam.<\/p>\n\n\n\n<p>Adem\u00e1s, se presentar\u00e1 la muestra Colecci\u00f3n Tesoro Vestuario del Teatro San Mart\u00edn. Esta<br>exhibici\u00f3n re\u00fane una cuidada selecci\u00f3n de prendas del fondo de vestuario teatral del<br>Complejo Teatral de Buenos Aires.<br><br>Tambi\u00e9n se podr\u00e1 ver la muestra de la Revista Sur, fundada por Victoria Ocampo en 1931.<br>Fue por su duraci\u00f3n y trascendencia, la publicaci\u00f3n peri\u00f3dica literaria m\u00e1s importante de<br>hispanoam\u00e9rica y una de las m\u00e1s trascendentes del \u00e1mbito de la lengua espa\u00f1ola. Esta<br>exposici\u00f3n permitir\u00e1 ver objetos, documentos, primeras ediciones, y cartas pertenecientes a<br>los escritores del Grupo Sur fundado por Victoria Ocampo.<br><br>En teatro se presentar\u00e1n las obras Romance del Baco y la Vaca con direcci\u00f3n y actuaci\u00f3n de<br>Marco Antonio Caponi y texto de Gonzalo Demar\u00eda, y Rota, dirigida por Mariano Stolkiner,<br>con actuaci\u00f3n de Raquel Ameri y texto de Natalia Villamil.<br><br>El primero es un unipersonal en verso gauchesco, en el cual la tradici\u00f3n rural m\u00e1s netamente<br>argentina se mezcla con la \u00e9pica griega y el blues. Rota muestra la pugna de una mujer por<br>reconstruir su existencia tras la muerte de su hijo. Es una producci\u00f3n del Complejo Teatral de<br>Buenos Aires y fue ganadora del premio Banco Ciudad a las Artes Esc\u00e9nicas 2020 &#8211; 2021.<br>Adem\u00e1s, se realizar\u00e1 un Foro abierto de Artes Esc\u00e9nicas coordinado por Guillermo Heras<br>que reunir\u00e1 cerca de 40 referentes teatrales, dramaturgos, directores de teatro, etc. para<br>reflexionar y encontrar caminos comunes entre estas dos ciudades teatrales de<br>Iberoam\u00e9rica.<br>En tanto, en m\u00fasica, habr\u00e1 m\u00faltiples conciertos: Daniel Binelli y C\u00e9sar Angeleri har\u00e1n un<br>concierto de bandone\u00f3n y guitarra. Los Pericos har\u00e1n un show ac\u00fastico, se presentar\u00e1n con<br>un show diferente, y con una puesta en escena pensada para la ocasi\u00f3n. Recorrer\u00e1n los<br>temas m\u00e1s representativos de su carrera en versi\u00f3n ac\u00fastica. Ra\u00fal Lavi\u00e9 en Piazzolla<br>Inmortal, presentar\u00e1 los grandes \u00e9xitos y las emblem\u00e1ticas canciones del compositor y<br>bandoneonista argentino. Daniela Horovitz y Hern\u00e1n Reinaudo har\u00e1n M\u00e1s Dulce que el<br>Deseo. El concierto versar\u00e1 sobre ritmos populares argentinos, folkl\u00f3ricos y ciudadanos. Ser\u00e1<br>una versi\u00f3n \u00edntima de canciones a d\u00fao. En tanto, Barbarita Palacios, Javier Casalla y Lucero<br>Carabajal har\u00e1n Mujer Canci\u00f3n Rock, en homenaje a las mujeres del rock argentino.<br>Adem\u00e1s, la cantante y compositora Zoe Gotusso con su cautivante voz y su magnetismo<br>presentar\u00e1 sus composiciones. Tambi\u00e9n estar\u00e1n presentes Veronika Silva y C\u00e9sar Angeleri<br>que se unir\u00e1n para crear una noche con lo mejor del tango. Har\u00e1n un repertorio cl\u00e1sico y<br>rom\u00e1ntico, instrumental y cantado, desde Gardel a Piazzolla, pasando por Manzi, Troilo y<br>Cad\u00edcamo. Entre valses, tangos, milongas y toda la pasi\u00f3n argentina.<br>Y se dar\u00e1n clases de danza tango a cargo de las parejas conformadas por Natalia Vicente y<br>Juan Manuel Nieto y por Valeria Cuenca y Fernando Nahmijas.<\/p>\n\n\n\n<p><strong>Conexi\u00f3n: Buenos Aires-Madrid<\/strong> contar\u00e1 tambi\u00e9n con dos ciclos de cine: BAFICI en Madrid y<br>el ciclo organizado por BA Audiovisual: Grandes pel\u00edculas, grandes directores del cine<br>argentino. En Bafici se pasar\u00e1n cinco pel\u00edculas de realizadores argentinos que formaron<br>parte del festival (Clementina, Amancay, El Sistema K.E.OP\/S, Plan para Buenos Aires, Fanny<br>Camina). Y el ciclo de BA Audiovisual, expondr\u00e1 pel\u00edculas ic\u00f3nicas recuperadas del cine<br>argentino restauradas por Directores Argentinos Cinematogr\u00e1ficos (DAC) y la compa\u00f1\u00eda<br>argentina especializada en restauraci\u00f3n de patrimonio audiovisual Gotika.<br><br>Adem\u00e1s, se proyectar\u00e1, a modo de celebraci\u00f3n de los 40 a\u00f1os de la vuelta de la democracia<br>a nuestro pa\u00eds, la pel\u00edcula Argentina, 1985, dirigida por Santiago Mitre con actuaci\u00f3n de<br>Ricardo Dar\u00edn y Peter Lanzani, candidata al Oscar y ganadora del Globo de Oro. Tambi\u00e9n se<br>realizar\u00e1 el pre estreno mundial de la pel\u00edcula Nene Revancha, de Gonzalo Demar\u00eda, con<br>actuaci\u00f3n de Luciano C\u00e1ceres y Jos\u00e9 Gim\u00e9nez Zapiola, quienes tendr\u00e1n a su cargo la<br>presentaci\u00f3n en vivo de la proyecci\u00f3n.<br>Respecto a literatura se realizar\u00e1n variados encuentros. Uno de ellos ser\u00e1 La Revista Sur y su<br>Trascendencia en el que diferentes especialistas expondr\u00e1n y dialogar\u00e1n sobre la<br>importancia de esta revista. Tambi\u00e9n se desarrollar\u00e1 Escribir en Espa\u00f1a, la Experiencia de<br>Escritores Argentinos en la que diferentes escritores argentinos radicados en Espa\u00f1a nos<br>contar\u00e1n la experiencia de escribir en un pa\u00eds con la misma lengua pero a la vez diferente.<br>Moderado por Claudio Perez Miguez y Ra\u00fal Manrique del Museo del Escritor de Madrid.<br>Adem\u00e1s se presentar\u00e1n dos libros: Entre el Coraz\u00f3n y la Raz\u00f3n, cartas de Jos\u00e9 Ortega y<br>Gasset y Victoria Ocampo 1917-1942 y El Arte est\u00e1 en Casa de Mariela Ivanier. En cuanto al<br>primero, el libro trata de poner en contexto la fluida correspondencia entre estas dos figuras<br>significativas de la cultura argentina y espa\u00f1ola durante un extenso per\u00edodo del siglo XX. El<br>v\u00ednculo personal, sus tensiones, coincidencias, logros y dificultades, se desprenden de estas<br>misivas y dan al pensamiento del espa\u00f1ol Ortega y Gasset y a la inquietud intelectual de la<br>argentina Ocampo una nueva dimensi\u00f3n. Respecto de El Arte est\u00e1 en Casa, se trata de un<br>libro que re\u00fane el testimonio de 141 mujeres de distinta procedencia y formaci\u00f3n, partiendo<br>de preguntas, tales como: \u00bfC\u00f3mo naci\u00f3 tu pasi\u00f3n por el arte? \u00bfCu\u00e1l fue la primera obra que<br>te impact\u00f3? \u00bfTe cuesta desprenderte de tus creaciones? \u00bfC\u00f3mo se vive la industria del arte<br>desde la perspectiva de una mujer? \u00bfCrees que ser mujer influenci\u00f3 tu relaci\u00f3n con el arte<br>de alg\u00fan modo? entre otros cuestionamientos sobre los cuales dialogar\u00e1n Carlos Alberdi y<br>Mariela Ivanier.<\/p>\n\n\n\n<p><br><strong>M\u00e1s actividades de Conexi\u00f3n<\/strong><br>Como parte de la estrategia de proyecci\u00f3n internacional de la Ciudad, \u201cConexi\u00f3n: Buenos<br>Aires &#8211; Madrid\u201d, ofrecer\u00e1 tambi\u00e9n otras acciones.<\/p>\n\n\n\n<p><strong>Visit Buenos Aires<\/strong> realizar\u00e1 una exposici\u00f3n sobre turismo creativo con la presentaci\u00f3n del<br>caso \u201cCol\u00f3n F\u00e1brica\u201d para promover el turismo, atraer estudiantes internacionales y<br>n\u00f3mades digitales.<br><br><strong>BA Capital Gastron\u00f3mica <\/strong>invitar\u00e1 a conocer las diferentes ofertas gastron\u00f3micas argentinas<br>en Madrid a trav\u00e9s de Como en Buenos Aires, una propuesta de descuentos y men\u00fas<br>especiales en locales gastron\u00f3micos argentinos de la capital espa\u00f1ola del 13 al 17 de marzo.<br>Se podr\u00e1 acceder a un mapa interactivo con todos los locales adheridos geolocalizados y el<br>detalle de las promociones ofrecidas. Como en Buenos Aires busca sumar locales que<br>ofrecen gastronom\u00eda argentina en Madrid, para que residentes, argentinos y turistas puedan<br>conectar con los sabores de nuestra cultura. <br><\/p>\n\n\n\n<p><strong>Los locales interesados se pueden inscribir en<\/strong> <a href=\"https:\/\/bit.ly\/convocatoriacomoenbuenosaires.\">https:\/\/bit.ly\/convocatoriacomoenbuenosaires.<\/a><\/p>\n\n\n\n<p><br>Uno de los objetivos del programa tendr\u00e1 que ver tambi\u00e9n con la visibilizaci\u00f3n de<br>estudiantes de Buenos Aires en Madrid, mientras se brindar\u00e1 una experiencia inmersiva que<br>busca estimular la llegada de estudiantes y n\u00f3mades digitales de Espa\u00f1a a la ciudad de<br>Buenos Aires. En ese sentido se celebrar\u00e1 Ciudad Inmersiva, una jornada con actividades y<br>talleres con informaci\u00f3n sobre c\u00f3mo estudiar y trabajar en la ciudad de Buenos Aires. Se<br>trata de una de las propuestas de Study Buenos Aires, la pol\u00edtica educativa del Gobierno de<br>la Ciudad para estudiantes internacionales. Desde el a\u00f1o 2017 a la actualidad, Study BA ha<br>elaborado una interesante agenda vinculada a la promoci\u00f3n de la ciudad como un destino<br>global para estudiantes, la articulaci\u00f3n con las universidades p\u00fablicas y privadas de la ciudad<br>para la internacionalizaci\u00f3n de la educaci\u00f3n superior y la generaci\u00f3n de pol\u00edticas para<br>consolidar a Buenos Aires como una ciudad educadora mundial.<br><br>En el 2022, la ciudad nuevamente fue elegida por 3er a\u00f1o consecutivo como la \u00abmejor<br>ciudad para estudiantes de toda Iberoam\u00e9rica\u00bb seg\u00fan el ranking QS. Vale mencionar que a<br>Buenos Aires llegan aproximadamente 90.000 estudiantes internacionales por a\u00f1o.<br><br>Toda la programaci\u00f3n podr\u00e1 seguirse a trav\u00e9s de buenosaires.gob.ar\/ConexionBAMadrid<\/p>\n\n\n\n<p><br><strong>Ciudades hermanadas<br><\/strong>Espa\u00f1a se encuentra quinta en el ranking de turistas internacionales arribados a la Ciudad de<br>Buenos Aires en 2022, seg\u00fan el Observatorio de datos del Ente de Turismo de la Ciudad,<br>siendo el pa\u00eds europeo con mayor cantidad de turistas aportados (m\u00e1s del 4%).<\/p>\n\n\n\n<p>Asimismo, a finales de 2020, Madrid y Buenos Aires firmaron un acuerdo de promoci\u00f3n en<br>materia tur\u00edstica que previ\u00f3 la celebraci\u00f3n de campa\u00f1as de promoci\u00f3n cruzada entre ambos<br>destinos, con posibilidad de llevar adelante acciones en temas tales como oferta art\u00edstica, <br>cultural, gastron\u00f3mica, turismo de reuniones (MICE), y destino de producciones<br>audiovisuales, entre otros.<\/p>\n\n\n\n<p><br>Y en marzo de 2022 se firm\u00f3 una acci\u00f3n cooperada con Iberia para fomentar la conectividad<br>a\u00e9rea y el flujo tur\u00edstico entre Buenos Aires y la ciudad de Madrid como nodo conector con<br>otros destinos estrat\u00e9gicos. El acuerdo incluye promoci\u00f3n en medios y acciones de<br>marketing digital para difundir los atractivos tur\u00edsticos de la ciudad en Espa\u00f1a e incrementar<br>el volumen de pasajeros hacia la Argentina.<br><br>Tambi\u00e9n se realizaron dos presentaciones en Madrid a trav\u00e9s de <strong>Visit Buenos Aires<\/strong>, la<br>agencia de promoci\u00f3n tur\u00edstica p\u00fablico-privada que tiene la Ciudad. La primera tuvo lugar en<br>septiembre de 2022 y fue sobre Buenos Aires como destino tur\u00edstico, y la segunda se realiz\u00f3<br>en el marco de FITUR 2023 y su foco estuvo en la noche porte\u00f1a.<\/p>\n\n\n\n<p><br><strong>Sobre Casa de Am\u00e9rica<\/strong><br>Casa de Am\u00e9rica es un consorcio p\u00fablico formado por el Ministerio de Asuntos Exteriores,<br>Uni\u00f3n Europea y Cooperaci\u00f3n, la Comunidad de Madrid y el Ayuntamiento de Madrid que<br>tiene como objetivo estrechar los lazos entre Espa\u00f1a y el continente americano, en<br>particular en Am\u00e9rica Latina y el Caribe. A trav\u00e9s de su actividad busca la difusi\u00f3n de la<br>actividad cultural, social, pol\u00edtica y econ\u00f3mica de Am\u00e9rica Latina en Madrid y en la<br>promoci\u00f3n de actividades de reflexi\u00f3n o pensamiento sobre el espacio iberoamericano.<\/p>\n","protected":false},"excerpt":{"rendered":"<p>Festival MAIA es un llamado a la acci\u00f3n transgeneracional, reuniendo l\u00edderes intelectuales, artistas, organizaciones corporativas y sociales, para habilitar di\u00e1logos sobre la puesta en valor de la pluralidad en la diversidad visibiliz\u00e1ndolo mediante el arte, el conocimiento compartido y facilitando la construcci\u00f3n de un compromiso para gestar una sociedad diversa e inclusiva<\/p>\n","protected":false},"author":2,"featured_media":4299,"comment_status":"open","ping_status":"open","sticky":false,"template":"","format":"standard","meta":{"two_page_speed":[],"footnotes":""},"categories":[29],"tags":[164,58,144,143,168,63,118,167],"class_list":["post-7894","post","type-post","status-publish","format-standard","has-post-thumbnail","hentry","category-news","tag-conexion","tag-cultura","tag-diversidad","tag-festival","tag-lirica","tag-maia","tag-ong","tag-turismo"],"blocksy_meta":{"styles_descriptor":{"styles":{"desktop":"","tablet":"","mobile":""},"google_fonts":[],"version":6}},"brizy_media":[],"_links":{"self":[{"href":"https:\/\/ong.acercandonaciones.com\/index.php\/wp-json\/wp\/v2\/posts\/7894","targetHints":{"allow":["GET"]}}],"collection":[{"href":"https:\/\/ong.acercandonaciones.com\/index.php\/wp-json\/wp\/v2\/posts"}],"about":[{"href":"https:\/\/ong.acercandonaciones.com\/index.php\/wp-json\/wp\/v2\/types\/post"}],"author":[{"embeddable":true,"href":"https:\/\/ong.acercandonaciones.com\/index.php\/wp-json\/wp\/v2\/users\/2"}],"replies":[{"embeddable":true,"href":"https:\/\/ong.acercandonaciones.com\/index.php\/wp-json\/wp\/v2\/comments?post=7894"}],"version-history":[{"count":5,"href":"https:\/\/ong.acercandonaciones.com\/index.php\/wp-json\/wp\/v2\/posts\/7894\/revisions"}],"predecessor-version":[{"id":7902,"href":"https:\/\/ong.acercandonaciones.com\/index.php\/wp-json\/wp\/v2\/posts\/7894\/revisions\/7902"}],"wp:featuredmedia":[{"embeddable":true,"href":"https:\/\/ong.acercandonaciones.com\/index.php\/wp-json\/wp\/v2\/media\/4299"}],"wp:attachment":[{"href":"https:\/\/ong.acercandonaciones.com\/index.php\/wp-json\/wp\/v2\/media?parent=7894"}],"wp:term":[{"taxonomy":"category","embeddable":true,"href":"https:\/\/ong.acercandonaciones.com\/index.php\/wp-json\/wp\/v2\/categories?post=7894"},{"taxonomy":"post_tag","embeddable":true,"href":"https:\/\/ong.acercandonaciones.com\/index.php\/wp-json\/wp\/v2\/tags?post=7894"}],"curies":[{"name":"wp","href":"https:\/\/api.w.org\/{rel}","templated":true}]}}